{"id":11231,"date":"2025-11-12T12:01:38","date_gmt":"2025-11-12T11:01:38","guid":{"rendered":"https:\/\/www.briochegourmet.com\/?p=11231"},"modified":"2025-11-12T12:12:23","modified_gmt":"2025-11-12T11:12:23","slug":"un-toque-de-indulgencia-para-el-dia-de-accion-de-gracias","status":"publish","type":"post","link":"https:\/\/www.briochegourmet.com\/es\/un-toque-de-indulgencia-para-el-dia-de-accion-de-gracias\/","title":{"rendered":"Un toque de indulgencia para el D\u00eda de Acci\u00f3n de Gracias"},"content":{"rendered":"\n<p>Celebra la uni\u00f3n con nuestra Brioche de Chocolate para Compartir \u2014 perfecta para disfrutar alrededor de la mesa<\/p>\n\n\n\n<p><a href=\"https:\/\/www.briochegourmet.com\/es\/nuestros-productos\/brioche-de-chocolate-para-partir-y-compartir\/\">DESCUBRE EL PRODUCTO<\/a><\/p>\n\n\n\n<p><\/p>\n\n\n\n<p><\/p>\n","protected":false},"excerpt":{"rendered":"<p>Celebra la uni\u00f3n con nuestra Brioche de Chocolate para Compartir \u2014 perfecta para disfrutar alrededor de la mesa DESCUBRE EL PRODUCTO<\/p>\n","protected":false},"author":5,"featured_media":10965,"comment_status":"closed","ping_status":"closed","sticky":false,"template":"","format":"standard","meta":{"_acf_changed":false,"neve_meta_sidebar":"","neve_meta_container":"","neve_meta_enable_content_width":"","neve_meta_content_width":0,"neve_meta_title_alignment":"","neve_meta_author_avatar":"","neve_post_elements_order":"","neve_meta_disable_header":"","neve_meta_disable_footer":"","neve_meta_disable_title":"","neve_meta_reading_time":"","_themeisle_gutenberg_block_has_review":false,"footnotes":""},"categories":[95],"tags":[],"class_list":["post-11231","post","type-post","status-publish","format-standard","has-post-thumbnail","hentry","category-comer"],"acf":[],"yoast_head":"<!-- This site is optimized with the Yoast SEO plugin v27.3 - https:\/\/yoast.com\/product\/yoast-seo-wordpress\/ -->\n<title>Un toque de indulgencia para el D\u00eda de Acci\u00f3n de Gracias - Brioche Gourmet<\/title>\n<meta name=\"robots\" content=\"noindex, follow\" \/>\n<meta property=\"og:locale\" content=\"es_ES\" \/>\n<meta property=\"og:type\" content=\"article\" \/>\n<meta property=\"og:title\" content=\"Un toque de indulgencia para el D\u00eda de Acci\u00f3n de Gracias - Brioche Gourmet\" \/>\n<meta property=\"og:description\" content=\"Celebra la uni\u00f3n con nuestra Brioche de Chocolate para Compartir \u2014 perfecta para disfrutar alrededor de la mesa DESCUBRE EL PRODUCTO\" \/>\n<meta property=\"og:url\" content=\"https:\/\/www.briochegourmet.com\/es\/un-toque-de-indulgencia-para-el-dia-de-accion-de-gracias\/\" \/>\n<meta property=\"og:site_name\" content=\"Brioche Gourmet\" \/>\n<meta property=\"article:published_time\" content=\"2025-11-12T11:01:38+00:00\" \/>\n<meta property=\"article:modified_time\" content=\"2025-11-12T11:12:23+00:00\" \/>\n<meta property=\"og:image\" content=\"https:\/\/www.briochegourmet.com\/wp-content\/uploads\/sites\/3\/2025\/02\/2025-11-USA.jpg\" \/>\n\t<meta property=\"og:image:width\" content=\"460\" \/>\n\t<meta property=\"og:image:height\" content=\"310\" \/>\n\t<meta property=\"og:image:type\" content=\"image\/jpeg\" \/>\n<meta name=\"author\" content=\"flestrade\" \/>\n<meta name=\"twitter:card\" content=\"summary_large_image\" \/>\n<meta name=\"twitter:label1\" content=\"Escrito por\" \/>\n\t<meta name=\"twitter:data1\" content=\"flestrade\" \/>\n\t<meta name=\"twitter:label2\" content=\"Tiempo de lectura\" \/>\n\t<meta name=\"twitter:data2\" content=\"1 minuto\" \/>\n<script type=\"application\/ld+json\" class=\"yoast-schema-graph\">{\"@context\":\"https:\\\/\\\/schema.org\",\"@graph\":[{\"@type\":\"Article\",\"@id\":\"https:\\\/\\\/www.briochegourmet.com\\\/es\\\/un-toque-de-indulgencia-para-el-dia-de-accion-de-gracias\\\/#article\",\"isPartOf\":{\"@id\":\"https:\\\/\\\/www.briochegourmet.com\\\/es\\\/un-toque-de-indulgencia-para-el-dia-de-accion-de-gracias\\\/\"},\"author\":{\"name\":\"flestrade\",\"@id\":\"https:\\\/\\\/www.briochegourmet.com\\\/#\\\/schema\\\/person\\\/de9a785e4b2b2de21ac691197de68367\"},\"headline\":\"Un toque de indulgencia para el D\u00eda de Acci\u00f3n de Gracias\",\"datePublished\":\"2025-11-12T11:01:38+00:00\",\"dateModified\":\"2025-11-12T11:12:23+00:00\",\"mainEntityOfPage\":{\"@id\":\"https:\\\/\\\/www.briochegourmet.com\\\/es\\\/un-toque-de-indulgencia-para-el-dia-de-accion-de-gracias\\\/\"},\"wordCount\":34,\"image\":{\"@id\":\"https:\\\/\\\/www.briochegourmet.com\\\/es\\\/un-toque-de-indulgencia-para-el-dia-de-accion-de-gracias\\\/#primaryimage\"},\"thumbnailUrl\":\"https:\\\/\\\/www.briochegourmet.com\\\/wp-content\\\/uploads\\\/sites\\\/3\\\/2025\\\/02\\\/2025-11-USA.jpg\",\"articleSection\":[\"Comer\"],\"inLanguage\":\"es\"},{\"@type\":\"WebPage\",\"@id\":\"https:\\\/\\\/www.briochegourmet.com\\\/es\\\/un-toque-de-indulgencia-para-el-dia-de-accion-de-gracias\\\/\",\"url\":\"https:\\\/\\\/www.briochegourmet.com\\\/es\\\/un-toque-de-indulgencia-para-el-dia-de-accion-de-gracias\\\/\",\"name\":\"Un toque de indulgencia para el D\u00eda de Acci\u00f3n de Gracias - Brioche Gourmet\",\"isPartOf\":{\"@id\":\"https:\\\/\\\/www.briochegourmet.com\\\/#website\"},\"primaryImageOfPage\":{\"@id\":\"https:\\\/\\\/www.briochegourmet.com\\\/es\\\/un-toque-de-indulgencia-para-el-dia-de-accion-de-gracias\\\/#primaryimage\"},\"image\":{\"@id\":\"https:\\\/\\\/www.briochegourmet.com\\\/es\\\/un-toque-de-indulgencia-para-el-dia-de-accion-de-gracias\\\/#primaryimage\"},\"thumbnailUrl\":\"https:\\\/\\\/www.briochegourmet.com\\\/wp-content\\\/uploads\\\/sites\\\/3\\\/2025\\\/02\\\/2025-11-USA.jpg\",\"datePublished\":\"2025-11-12T11:01:38+00:00\",\"dateModified\":\"2025-11-12T11:12:23+00:00\",\"author\":{\"@id\":\"https:\\\/\\\/www.briochegourmet.com\\\/#\\\/schema\\\/person\\\/de9a785e4b2b2de21ac691197de68367\"},\"breadcrumb\":{\"@id\":\"https:\\\/\\\/www.briochegourmet.com\\\/es\\\/un-toque-de-indulgencia-para-el-dia-de-accion-de-gracias\\\/#breadcrumb\"},\"inLanguage\":\"es\",\"potentialAction\":[{\"@type\":\"ReadAction\",\"target\":[\"https:\\\/\\\/www.briochegourmet.com\\\/es\\\/un-toque-de-indulgencia-para-el-dia-de-accion-de-gracias\\\/\"]}]},{\"@type\":\"ImageObject\",\"inLanguage\":\"es\",\"@id\":\"https:\\\/\\\/www.briochegourmet.com\\\/es\\\/un-toque-de-indulgencia-para-el-dia-de-accion-de-gracias\\\/#primaryimage\",\"url\":\"https:\\\/\\\/www.briochegourmet.com\\\/wp-content\\\/uploads\\\/sites\\\/3\\\/2025\\\/02\\\/2025-11-USA.jpg\",\"contentUrl\":\"https:\\\/\\\/www.briochegourmet.com\\\/wp-content\\\/uploads\\\/sites\\\/3\\\/2025\\\/02\\\/2025-11-USA.jpg\",\"width\":460,\"height\":310},{\"@type\":\"BreadcrumbList\",\"@id\":\"https:\\\/\\\/www.briochegourmet.com\\\/es\\\/un-toque-de-indulgencia-para-el-dia-de-accion-de-gracias\\\/#breadcrumb\",\"itemListElement\":[{\"@type\":\"ListItem\",\"position\":1,\"name\":\"Brioche Gourmet\",\"item\":\"https:\\\/\\\/www.briochegourmet.com\\\/es\\\/\"},{\"@type\":\"ListItem\",\"position\":2,\"name\":\"Un toque de indulgencia para el D\u00eda de Acci\u00f3n de Gracias\"}]},{\"@type\":\"WebSite\",\"@id\":\"https:\\\/\\\/www.briochegourmet.com\\\/#website\",\"url\":\"https:\\\/\\\/www.briochegourmet.com\\\/\",\"name\":\"Brioche Gourmet\",\"description\":\"\",\"potentialAction\":[{\"@type\":\"SearchAction\",\"target\":{\"@type\":\"EntryPoint\",\"urlTemplate\":\"https:\\\/\\\/www.briochegourmet.com\\\/?s={search_term_string}\"},\"query-input\":{\"@type\":\"PropertyValueSpecification\",\"valueRequired\":true,\"valueName\":\"search_term_string\"}}],\"inLanguage\":\"es\"},{\"@type\":\"Person\",\"@id\":\"https:\\\/\\\/www.briochegourmet.com\\\/#\\\/schema\\\/person\\\/de9a785e4b2b2de21ac691197de68367\",\"name\":\"flestrade\",\"image\":{\"@type\":\"ImageObject\",\"inLanguage\":\"es\",\"@id\":\"https:\\\/\\\/secure.gravatar.com\\\/avatar\\\/e5d9bffdd96e59ce08b1186d5a7b6184f0f5fd8465273f74b86749817384053d?s=96&d=mm&r=g\",\"url\":\"https:\\\/\\\/secure.gravatar.com\\\/avatar\\\/e5d9bffdd96e59ce08b1186d5a7b6184f0f5fd8465273f74b86749817384053d?s=96&d=mm&r=g\",\"contentUrl\":\"https:\\\/\\\/secure.gravatar.com\\\/avatar\\\/e5d9bffdd96e59ce08b1186d5a7b6184f0f5fd8465273f74b86749817384053d?s=96&d=mm&r=g\",\"caption\":\"flestrade\"}}]}<\/script>\n<!-- \/ Yoast SEO plugin. -->","yoast_head_json":{"title":"Un toque de indulgencia para el D\u00eda de Acci\u00f3n de Gracias - Brioche Gourmet","robots":{"index":"noindex","follow":"follow"},"og_locale":"es_ES","og_type":"article","og_title":"Un toque de indulgencia para el D\u00eda de Acci\u00f3n de Gracias - Brioche Gourmet","og_description":"Celebra la uni\u00f3n con nuestra Brioche de Chocolate para Compartir \u2014 perfecta para disfrutar alrededor de la mesa DESCUBRE EL PRODUCTO","og_url":"https:\/\/www.briochegourmet.com\/es\/un-toque-de-indulgencia-para-el-dia-de-accion-de-gracias\/","og_site_name":"Brioche Gourmet","article_published_time":"2025-11-12T11:01:38+00:00","article_modified_time":"2025-11-12T11:12:23+00:00","og_image":[{"width":460,"height":310,"url":"https:\/\/www.briochegourmet.com\/wp-content\/uploads\/sites\/3\/2025\/02\/2025-11-USA.jpg","type":"image\/jpeg"}],"author":"flestrade","twitter_card":"summary_large_image","twitter_misc":{"Escrito por":"flestrade","Tiempo de lectura":"1 minuto"},"schema":{"@context":"https:\/\/schema.org","@graph":[{"@type":"Article","@id":"https:\/\/www.briochegourmet.com\/es\/un-toque-de-indulgencia-para-el-dia-de-accion-de-gracias\/#article","isPartOf":{"@id":"https:\/\/www.briochegourmet.com\/es\/un-toque-de-indulgencia-para-el-dia-de-accion-de-gracias\/"},"author":{"name":"flestrade","@id":"https:\/\/www.briochegourmet.com\/#\/schema\/person\/de9a785e4b2b2de21ac691197de68367"},"headline":"Un toque de indulgencia para el D\u00eda de Acci\u00f3n de Gracias","datePublished":"2025-11-12T11:01:38+00:00","dateModified":"2025-11-12T11:12:23+00:00","mainEntityOfPage":{"@id":"https:\/\/www.briochegourmet.com\/es\/un-toque-de-indulgencia-para-el-dia-de-accion-de-gracias\/"},"wordCount":34,"image":{"@id":"https:\/\/www.briochegourmet.com\/es\/un-toque-de-indulgencia-para-el-dia-de-accion-de-gracias\/#primaryimage"},"thumbnailUrl":"https:\/\/www.briochegourmet.com\/wp-content\/uploads\/sites\/3\/2025\/02\/2025-11-USA.jpg","articleSection":["Comer"],"inLanguage":"es"},{"@type":"WebPage","@id":"https:\/\/www.briochegourmet.com\/es\/un-toque-de-indulgencia-para-el-dia-de-accion-de-gracias\/","url":"https:\/\/www.briochegourmet.com\/es\/un-toque-de-indulgencia-para-el-dia-de-accion-de-gracias\/","name":"Un toque de indulgencia para el D\u00eda de Acci\u00f3n de Gracias - Brioche Gourmet","isPartOf":{"@id":"https:\/\/www.briochegourmet.com\/#website"},"primaryImageOfPage":{"@id":"https:\/\/www.briochegourmet.com\/es\/un-toque-de-indulgencia-para-el-dia-de-accion-de-gracias\/#primaryimage"},"image":{"@id":"https:\/\/www.briochegourmet.com\/es\/un-toque-de-indulgencia-para-el-dia-de-accion-de-gracias\/#primaryimage"},"thumbnailUrl":"https:\/\/www.briochegourmet.com\/wp-content\/uploads\/sites\/3\/2025\/02\/2025-11-USA.jpg","datePublished":"2025-11-12T11:01:38+00:00","dateModified":"2025-11-12T11:12:23+00:00","author":{"@id":"https:\/\/www.briochegourmet.com\/#\/schema\/person\/de9a785e4b2b2de21ac691197de68367"},"breadcrumb":{"@id":"https:\/\/www.briochegourmet.com\/es\/un-toque-de-indulgencia-para-el-dia-de-accion-de-gracias\/#breadcrumb"},"inLanguage":"es","potentialAction":[{"@type":"ReadAction","target":["https:\/\/www.briochegourmet.com\/es\/un-toque-de-indulgencia-para-el-dia-de-accion-de-gracias\/"]}]},{"@type":"ImageObject","inLanguage":"es","@id":"https:\/\/www.briochegourmet.com\/es\/un-toque-de-indulgencia-para-el-dia-de-accion-de-gracias\/#primaryimage","url":"https:\/\/www.briochegourmet.com\/wp-content\/uploads\/sites\/3\/2025\/02\/2025-11-USA.jpg","contentUrl":"https:\/\/www.briochegourmet.com\/wp-content\/uploads\/sites\/3\/2025\/02\/2025-11-USA.jpg","width":460,"height":310},{"@type":"BreadcrumbList","@id":"https:\/\/www.briochegourmet.com\/es\/un-toque-de-indulgencia-para-el-dia-de-accion-de-gracias\/#breadcrumb","itemListElement":[{"@type":"ListItem","position":1,"name":"Brioche Gourmet","item":"https:\/\/www.briochegourmet.com\/es\/"},{"@type":"ListItem","position":2,"name":"Un toque de indulgencia para el D\u00eda de Acci\u00f3n de Gracias"}]},{"@type":"WebSite","@id":"https:\/\/www.briochegourmet.com\/#website","url":"https:\/\/www.briochegourmet.com\/","name":"Brioche Gourmet","description":"","potentialAction":[{"@type":"SearchAction","target":{"@type":"EntryPoint","urlTemplate":"https:\/\/www.briochegourmet.com\/?s={search_term_string}"},"query-input":{"@type":"PropertyValueSpecification","valueRequired":true,"valueName":"search_term_string"}}],"inLanguage":"es"},{"@type":"Person","@id":"https:\/\/www.briochegourmet.com\/#\/schema\/person\/de9a785e4b2b2de21ac691197de68367","name":"flestrade","image":{"@type":"ImageObject","inLanguage":"es","@id":"https:\/\/secure.gravatar.com\/avatar\/e5d9bffdd96e59ce08b1186d5a7b6184f0f5fd8465273f74b86749817384053d?s=96&d=mm&r=g","url":"https:\/\/secure.gravatar.com\/avatar\/e5d9bffdd96e59ce08b1186d5a7b6184f0f5fd8465273f74b86749817384053d?s=96&d=mm&r=g","contentUrl":"https:\/\/secure.gravatar.com\/avatar\/e5d9bffdd96e59ce08b1186d5a7b6184f0f5fd8465273f74b86749817384053d?s=96&d=mm&r=g","caption":"flestrade"}}]}},"_links":{"self":[{"href":"https:\/\/www.briochegourmet.com\/es\/wp-json\/wp\/v2\/posts\/11231","targetHints":{"allow":["GET"]}}],"collection":[{"href":"https:\/\/www.briochegourmet.com\/es\/wp-json\/wp\/v2\/posts"}],"about":[{"href":"https:\/\/www.briochegourmet.com\/es\/wp-json\/wp\/v2\/types\/post"}],"author":[{"embeddable":true,"href":"https:\/\/www.briochegourmet.com\/es\/wp-json\/wp\/v2\/users\/5"}],"replies":[{"embeddable":true,"href":"https:\/\/www.briochegourmet.com\/es\/wp-json\/wp\/v2\/comments?post=11231"}],"version-history":[{"count":1,"href":"https:\/\/www.briochegourmet.com\/es\/wp-json\/wp\/v2\/posts\/11231\/revisions"}],"predecessor-version":[{"id":11232,"href":"https:\/\/www.briochegourmet.com\/es\/wp-json\/wp\/v2\/posts\/11231\/revisions\/11232"}],"wp:featuredmedia":[{"embeddable":true,"href":"https:\/\/www.briochegourmet.com\/es\/wp-json\/wp\/v2\/media\/10965"}],"wp:attachment":[{"href":"https:\/\/www.briochegourmet.com\/es\/wp-json\/wp\/v2\/media?parent=11231"}],"wp:term":[{"taxonomy":"category","embeddable":true,"href":"https:\/\/www.briochegourmet.com\/es\/wp-json\/wp\/v2\/categories?post=11231"},{"taxonomy":"post_tag","embeddable":true,"href":"https:\/\/www.briochegourmet.com\/es\/wp-json\/wp\/v2\/tags?post=11231"}],"curies":[{"name":"wp","href":"https:\/\/api.w.org\/{rel}","templated":true}]}}